{"id":686,"date":"2020-10-16T11:26:00","date_gmt":"2020-10-16T11:26:00","guid":{"rendered":"https:\/\/sayazorescheese.eu\/?p=686"},"modified":"2021-05-20T13:07:36","modified_gmt":"2021-05-20T13:07:36","slug":"world-food-day-is-in-the-quartier-dix30","status":"publish","type":"post","link":"https:\/\/sayazorescheese.eu\/fr\/world-food-day-is-in-the-quartier-dix30\/","title":{"rendered":"La Journ\u00e9e mondiale de l'alimentation est au Quartier Dix30"},"content":{"rendered":"<p>Le 16 octobre, Journ\u00e9e mondiale de l'alimentation, nous serons au Quartier Dix 30, \u00e0 Montr\u00e9al, avec un magasin enti\u00e8rement consacr\u00e9 au fromage des A\u00e7ores. C'est la meilleure des occasions pour d\u00e9couvrir ses diff\u00e9rentes textures, ses go\u00fbts et ses ar\u00f4mes, et discuter un peu avec nos repr\u00e9sentants de son origine. Avec des vaches qui paissent 365 jours par an, les A\u00e7ores constituent une r\u00e9alit\u00e9 europ\u00e9enne unique en ce qui concerne la qualit\u00e9 du lait et du fromage qu'elles produisent. Mais si vous ne pouvez pas nous rendre visite ici, nous sommes toujours l\u00e0 les 17 et 18 octobre, alors profitez-en car ces trois jours passeront en un clin d'\u0153il.<\/p>","protected":false},"excerpt":{"rendered":"<p>On October 16, World Food Day, we will be at the Quartier Dix 30, in Montreal, with a store entirely dedicated to cheese from the Azores. This is the best of opportunities to check out its different textures, tastes, and aromas, and talk a bit&#8230;<\/p>","protected":false},"author":2,"featured_media":687,"comment_status":"open","ping_status":"open","sticky":false,"template":"","format":"standard","meta":{"footnotes":""},"categories":[5,1],"tags":[],"class_list":["post-686","post","type-post","status-publish","format-standard","has-post-thumbnail","hentry","category-events","category-uncategorized"],"yoast_head":"<!-- This site is optimized with the Yoast SEO plugin v27.5 - https:\/\/yoast.com\/product\/yoast-seo-wordpress\/ -->\n<title>World Food Day is in the Quartier Dix30 - Say Azores Cheese<\/title>\n<meta name=\"robots\" content=\"index, follow, max-snippet:-1, max-image-preview:large, max-video-preview:-1\" \/>\n<link rel=\"canonical\" href=\"https:\/\/sayazorescheese.eu\/fr\/world-food-day-is-in-the-quartier-dix30\/\" \/>\n<meta property=\"og:locale\" content=\"fr_CA\" \/>\n<meta property=\"og:type\" content=\"article\" \/>\n<meta property=\"og:title\" content=\"World Food Day is in the Quartier Dix30 - Say Azores Cheese\" \/>\n<meta property=\"og:description\" content=\"On October 16, World Food Day, we will be at the Quartier Dix 30, in Montreal, with a store entirely dedicated to cheese from the Azores. This is the best of opportunities to check out its different textures, tastes, and aromas, and talk a bit...\" \/>\n<meta property=\"og:url\" content=\"https:\/\/sayazorescheese.eu\/fr\/world-food-day-is-in-the-quartier-dix30\/\" \/>\n<meta property=\"og:site_name\" content=\"Say Azores Cheese\" \/>\n<meta property=\"article:published_time\" content=\"2020-10-16T11:26:00+00:00\" \/>\n<meta property=\"article:modified_time\" content=\"2021-05-20T13:07:36+00:00\" \/>\n<meta property=\"og:image\" content=\"https:\/\/secureservercdn.net\/198.71.233.90\/v41.7d7.myftpupload.com\/wp-content\/uploads\/2021\/05\/Site-SAC.png?time=1663885377\" \/>\n\t<meta property=\"og:image:width\" content=\"687\" \/>\n\t<meta property=\"og:image:height\" content=\"780\" \/>\n\t<meta property=\"og:image:type\" content=\"image\/png\" \/>\n<meta name=\"author\" content=\"Azores Cheese\" \/>\n<meta name=\"twitter:card\" content=\"summary_large_image\" \/>\n<meta name=\"twitter:label1\" content=\"\u00c9crit par\" \/>\n\t<meta name=\"twitter:data1\" content=\"Azores Cheese\" \/>\n\t<meta name=\"twitter:label2\" content=\"Estimation du temps de lecture\" \/>\n\t<meta name=\"twitter:data2\" content=\"1 minute\" \/>\n<script type=\"application\/ld+json\" class=\"yoast-schema-graph\">{\"@context\":\"https:\\\/\\\/schema.org\",\"@graph\":[{\"@type\":\"Article\",\"@id\":\"https:\\\/\\\/sayazorescheese.eu\\\/fr\\\/world-food-day-is-in-the-quartier-dix30\\\/#article\",\"isPartOf\":{\"@id\":\"https:\\\/\\\/sayazorescheese.eu\\\/fr\\\/world-food-day-is-in-the-quartier-dix30\\\/\"},\"author\":{\"name\":\"Azores Cheese\",\"@id\":\"https:\\\/\\\/sayazorescheese.eu\\\/#\\\/schema\\\/person\\\/ba7c49bf650ea98370b88dd50a960097\"},\"headline\":\"World Food Day is in the Quartier Dix30\",\"datePublished\":\"2020-10-16T11:26:00+00:00\",\"dateModified\":\"2021-05-20T13:07:36+00:00\",\"mainEntityOfPage\":{\"@id\":\"https:\\\/\\\/sayazorescheese.eu\\\/fr\\\/world-food-day-is-in-the-quartier-dix30\\\/\"},\"wordCount\":114,\"commentCount\":0,\"image\":{\"@id\":\"https:\\\/\\\/sayazorescheese.eu\\\/fr\\\/world-food-day-is-in-the-quartier-dix30\\\/#primaryimage\"},\"thumbnailUrl\":\"https:\\\/\\\/sayazorescheese.eu\\\/wp-content\\\/uploads\\\/2021\\\/05\\\/Site-SAC.png\",\"articleSection\":[\"Events\",\"Uncategorized\"],\"inLanguage\":\"fr-CA\",\"potentialAction\":[{\"@type\":\"CommentAction\",\"name\":\"Comment\",\"target\":[\"https:\\\/\\\/sayazorescheese.eu\\\/fr\\\/world-food-day-is-in-the-quartier-dix30\\\/#respond\"]}]},{\"@type\":\"WebPage\",\"@id\":\"https:\\\/\\\/sayazorescheese.eu\\\/fr\\\/world-food-day-is-in-the-quartier-dix30\\\/\",\"url\":\"https:\\\/\\\/sayazorescheese.eu\\\/fr\\\/world-food-day-is-in-the-quartier-dix30\\\/\",\"name\":\"World Food Day is in the Quartier Dix30 - Say Azores Cheese\",\"isPartOf\":{\"@id\":\"https:\\\/\\\/sayazorescheese.eu\\\/#website\"},\"primaryImageOfPage\":{\"@id\":\"https:\\\/\\\/sayazorescheese.eu\\\/fr\\\/world-food-day-is-in-the-quartier-dix30\\\/#primaryimage\"},\"image\":{\"@id\":\"https:\\\/\\\/sayazorescheese.eu\\\/fr\\\/world-food-day-is-in-the-quartier-dix30\\\/#primaryimage\"},\"thumbnailUrl\":\"https:\\\/\\\/sayazorescheese.eu\\\/wp-content\\\/uploads\\\/2021\\\/05\\\/Site-SAC.png\",\"datePublished\":\"2020-10-16T11:26:00+00:00\",\"dateModified\":\"2021-05-20T13:07:36+00:00\",\"author\":{\"@id\":\"https:\\\/\\\/sayazorescheese.eu\\\/#\\\/schema\\\/person\\\/ba7c49bf650ea98370b88dd50a960097\"},\"breadcrumb\":{\"@id\":\"https:\\\/\\\/sayazorescheese.eu\\\/fr\\\/world-food-day-is-in-the-quartier-dix30\\\/#breadcrumb\"},\"inLanguage\":\"fr-CA\",\"potentialAction\":[{\"@type\":\"ReadAction\",\"target\":[\"https:\\\/\\\/sayazorescheese.eu\\\/fr\\\/world-food-day-is-in-the-quartier-dix30\\\/\"]}]},{\"@type\":\"ImageObject\",\"inLanguage\":\"fr-CA\",\"@id\":\"https:\\\/\\\/sayazorescheese.eu\\\/fr\\\/world-food-day-is-in-the-quartier-dix30\\\/#primaryimage\",\"url\":\"https:\\\/\\\/sayazorescheese.eu\\\/wp-content\\\/uploads\\\/2021\\\/05\\\/Site-SAC.png\",\"contentUrl\":\"https:\\\/\\\/sayazorescheese.eu\\\/wp-content\\\/uploads\\\/2021\\\/05\\\/Site-SAC.png\",\"width\":687,\"height\":780},{\"@type\":\"BreadcrumbList\",\"@id\":\"https:\\\/\\\/sayazorescheese.eu\\\/fr\\\/world-food-day-is-in-the-quartier-dix30\\\/#breadcrumb\",\"itemListElement\":[{\"@type\":\"ListItem\",\"position\":1,\"name\":\"Home\",\"item\":\"https:\\\/\\\/sayazorescheese.eu\\\/\"},{\"@type\":\"ListItem\",\"position\":2,\"name\":\"World Food Day is in the Quartier Dix30\"}]},{\"@type\":\"WebSite\",\"@id\":\"https:\\\/\\\/sayazorescheese.eu\\\/#website\",\"url\":\"https:\\\/\\\/sayazorescheese.eu\\\/\",\"name\":\"Say Azores Cheese\",\"description\":\"\",\"potentialAction\":[{\"@type\":\"SearchAction\",\"target\":{\"@type\":\"EntryPoint\",\"urlTemplate\":\"https:\\\/\\\/sayazorescheese.eu\\\/?s={search_term_string}\"},\"query-input\":{\"@type\":\"PropertyValueSpecification\",\"valueRequired\":true,\"valueName\":\"search_term_string\"}}],\"inLanguage\":\"fr-CA\"},{\"@type\":\"Person\",\"@id\":\"https:\\\/\\\/sayazorescheese.eu\\\/#\\\/schema\\\/person\\\/ba7c49bf650ea98370b88dd50a960097\",\"name\":\"Azores Cheese\",\"image\":{\"@type\":\"ImageObject\",\"inLanguage\":\"fr-CA\",\"@id\":\"https:\\\/\\\/secure.gravatar.com\\\/avatar\\\/90a5890de5bc9b3ce3ebfa78716f103768962bd2b54e451a6b308f3ff5a999ee?s=96&d=mm&r=g\",\"url\":\"https:\\\/\\\/secure.gravatar.com\\\/avatar\\\/90a5890de5bc9b3ce3ebfa78716f103768962bd2b54e451a6b308f3ff5a999ee?s=96&d=mm&r=g\",\"contentUrl\":\"https:\\\/\\\/secure.gravatar.com\\\/avatar\\\/90a5890de5bc9b3ce3ebfa78716f103768962bd2b54e451a6b308f3ff5a999ee?s=96&d=mm&r=g\",\"caption\":\"Azores Cheese\"},\"url\":\"https:\\\/\\\/sayazorescheese.eu\\\/fr\\\/author\\\/sacadmin\\\/\"}]}<\/script>\n<!-- \/ Yoast SEO plugin. -->","yoast_head_json":{"title":"World Food Day is in the Quartier Dix30 - Say Azores Cheese","robots":{"index":"index","follow":"follow","max-snippet":"max-snippet:-1","max-image-preview":"max-image-preview:large","max-video-preview":"max-video-preview:-1"},"canonical":"https:\/\/sayazorescheese.eu\/fr\/world-food-day-is-in-the-quartier-dix30\/","og_locale":"fr_CA","og_type":"article","og_title":"World Food Day is in the Quartier Dix30 - Say Azores Cheese","og_description":"On October 16, World Food Day, we will be at the Quartier Dix 30, in Montreal, with a store entirely dedicated to cheese from the Azores. This is the best of opportunities to check out its different textures, tastes, and aromas, and talk a bit...","og_url":"https:\/\/sayazorescheese.eu\/fr\/world-food-day-is-in-the-quartier-dix30\/","og_site_name":"Say Azores Cheese","article_published_time":"2020-10-16T11:26:00+00:00","article_modified_time":"2021-05-20T13:07:36+00:00","og_image":[{"width":687,"height":780,"url":"https:\/\/secureservercdn.net\/198.71.233.90\/v41.7d7.myftpupload.com\/wp-content\/uploads\/2021\/05\/Site-SAC.png?time=1663885377","type":"image\/png"}],"author":"Azores Cheese","twitter_card":"summary_large_image","twitter_misc":{"\u00c9crit par":"Azores Cheese","Estimation du temps de lecture":"1 minute"},"schema":{"@context":"https:\/\/schema.org","@graph":[{"@type":"Article","@id":"https:\/\/sayazorescheese.eu\/fr\/world-food-day-is-in-the-quartier-dix30\/#article","isPartOf":{"@id":"https:\/\/sayazorescheese.eu\/fr\/world-food-day-is-in-the-quartier-dix30\/"},"author":{"name":"Azores Cheese","@id":"https:\/\/sayazorescheese.eu\/#\/schema\/person\/ba7c49bf650ea98370b88dd50a960097"},"headline":"World Food Day is in the Quartier Dix30","datePublished":"2020-10-16T11:26:00+00:00","dateModified":"2021-05-20T13:07:36+00:00","mainEntityOfPage":{"@id":"https:\/\/sayazorescheese.eu\/fr\/world-food-day-is-in-the-quartier-dix30\/"},"wordCount":114,"commentCount":0,"image":{"@id":"https:\/\/sayazorescheese.eu\/fr\/world-food-day-is-in-the-quartier-dix30\/#primaryimage"},"thumbnailUrl":"https:\/\/sayazorescheese.eu\/wp-content\/uploads\/2021\/05\/Site-SAC.png","articleSection":["Events","Uncategorized"],"inLanguage":"fr-CA","potentialAction":[{"@type":"CommentAction","name":"Comment","target":["https:\/\/sayazorescheese.eu\/fr\/world-food-day-is-in-the-quartier-dix30\/#respond"]}]},{"@type":"WebPage","@id":"https:\/\/sayazorescheese.eu\/fr\/world-food-day-is-in-the-quartier-dix30\/","url":"https:\/\/sayazorescheese.eu\/fr\/world-food-day-is-in-the-quartier-dix30\/","name":"World Food Day is in the Quartier Dix30 - Say Azores Cheese","isPartOf":{"@id":"https:\/\/sayazorescheese.eu\/#website"},"primaryImageOfPage":{"@id":"https:\/\/sayazorescheese.eu\/fr\/world-food-day-is-in-the-quartier-dix30\/#primaryimage"},"image":{"@id":"https:\/\/sayazorescheese.eu\/fr\/world-food-day-is-in-the-quartier-dix30\/#primaryimage"},"thumbnailUrl":"https:\/\/sayazorescheese.eu\/wp-content\/uploads\/2021\/05\/Site-SAC.png","datePublished":"2020-10-16T11:26:00+00:00","dateModified":"2021-05-20T13:07:36+00:00","author":{"@id":"https:\/\/sayazorescheese.eu\/#\/schema\/person\/ba7c49bf650ea98370b88dd50a960097"},"breadcrumb":{"@id":"https:\/\/sayazorescheese.eu\/fr\/world-food-day-is-in-the-quartier-dix30\/#breadcrumb"},"inLanguage":"fr-CA","potentialAction":[{"@type":"ReadAction","target":["https:\/\/sayazorescheese.eu\/fr\/world-food-day-is-in-the-quartier-dix30\/"]}]},{"@type":"ImageObject","inLanguage":"fr-CA","@id":"https:\/\/sayazorescheese.eu\/fr\/world-food-day-is-in-the-quartier-dix30\/#primaryimage","url":"https:\/\/sayazorescheese.eu\/wp-content\/uploads\/2021\/05\/Site-SAC.png","contentUrl":"https:\/\/sayazorescheese.eu\/wp-content\/uploads\/2021\/05\/Site-SAC.png","width":687,"height":780},{"@type":"BreadcrumbList","@id":"https:\/\/sayazorescheese.eu\/fr\/world-food-day-is-in-the-quartier-dix30\/#breadcrumb","itemListElement":[{"@type":"ListItem","position":1,"name":"Home","item":"https:\/\/sayazorescheese.eu\/"},{"@type":"ListItem","position":2,"name":"World Food Day is in the Quartier Dix30"}]},{"@type":"WebSite","@id":"https:\/\/sayazorescheese.eu\/#website","url":"https:\/\/sayazorescheese.eu\/","name":"Say Azores Cheese","description":"","potentialAction":[{"@type":"SearchAction","target":{"@type":"EntryPoint","urlTemplate":"https:\/\/sayazorescheese.eu\/?s={search_term_string}"},"query-input":{"@type":"PropertyValueSpecification","valueRequired":true,"valueName":"search_term_string"}}],"inLanguage":"fr-CA"},{"@type":"Person","@id":"https:\/\/sayazorescheese.eu\/#\/schema\/person\/ba7c49bf650ea98370b88dd50a960097","name":"Azores Cheese","image":{"@type":"ImageObject","inLanguage":"fr-CA","@id":"https:\/\/secure.gravatar.com\/avatar\/90a5890de5bc9b3ce3ebfa78716f103768962bd2b54e451a6b308f3ff5a999ee?s=96&d=mm&r=g","url":"https:\/\/secure.gravatar.com\/avatar\/90a5890de5bc9b3ce3ebfa78716f103768962bd2b54e451a6b308f3ff5a999ee?s=96&d=mm&r=g","contentUrl":"https:\/\/secure.gravatar.com\/avatar\/90a5890de5bc9b3ce3ebfa78716f103768962bd2b54e451a6b308f3ff5a999ee?s=96&d=mm&r=g","caption":"Azores Cheese"},"url":"https:\/\/sayazorescheese.eu\/fr\/author\/sacadmin\/"}]}},"_links":{"self":[{"href":"https:\/\/sayazorescheese.eu\/fr\/wp-json\/wp\/v2\/posts\/686","targetHints":{"allow":["GET"]}}],"collection":[{"href":"https:\/\/sayazorescheese.eu\/fr\/wp-json\/wp\/v2\/posts"}],"about":[{"href":"https:\/\/sayazorescheese.eu\/fr\/wp-json\/wp\/v2\/types\/post"}],"author":[{"embeddable":true,"href":"https:\/\/sayazorescheese.eu\/fr\/wp-json\/wp\/v2\/users\/2"}],"replies":[{"embeddable":true,"href":"https:\/\/sayazorescheese.eu\/fr\/wp-json\/wp\/v2\/comments?post=686"}],"version-history":[{"count":1,"href":"https:\/\/sayazorescheese.eu\/fr\/wp-json\/wp\/v2\/posts\/686\/revisions"}],"predecessor-version":[{"id":688,"href":"https:\/\/sayazorescheese.eu\/fr\/wp-json\/wp\/v2\/posts\/686\/revisions\/688"}],"wp:featuredmedia":[{"embeddable":true,"href":"https:\/\/sayazorescheese.eu\/fr\/wp-json\/wp\/v2\/media\/687"}],"wp:attachment":[{"href":"https:\/\/sayazorescheese.eu\/fr\/wp-json\/wp\/v2\/media?parent=686"}],"wp:term":[{"taxonomy":"category","embeddable":true,"href":"https:\/\/sayazorescheese.eu\/fr\/wp-json\/wp\/v2\/categories?post=686"},{"taxonomy":"post_tag","embeddable":true,"href":"https:\/\/sayazorescheese.eu\/fr\/wp-json\/wp\/v2\/tags?post=686"}],"curies":[{"name":"wp","href":"https:\/\/api.w.org\/{rel}","templated":true}]}}